{"id":3202,"date":"2021-04-09T10:07:08","date_gmt":"2021-04-09T10:07:08","guid":{"rendered":"https:\/\/www.justinegrosset.com\/?p=3202"},"modified":"2025-03-11T13:23:42","modified_gmt":"2025-03-11T13:23:42","slug":"gastronomy3","status":"publish","type":"post","link":"https:\/\/www.justinegrosset.com\/en\/gastronomy3\/","title":{"rendered":"Une Gastronomie Enracin\u00e9e et Engag\u00e9e \u2013 Cuisiner en R\u00e9sonance avec le Tempo de la Nature"},"content":{"rendered":"<h1 style=\"text-align: center;\">Gastronomy with roots and commitment<\/h1>\n<h2 style=\"text-align: center;\">Cooking in resonance with nature's tempo<\/h2>\n<p>&nbsp;<\/p>\n<p style=\"text-align: justify;\"><em>As an appetizer to this reading, I suggest you discover<span style=\"color: #000000;\">vrir <strong>the<\/strong><a style=\"color: #000000;\" href=\"https:\/\/www.justinegrosset.com\/en\/gastronomy1\/\" target=\"_blank\" rel=\"noopener noreferrer\"><strong> first<\/strong> <\/a>and the<strong> <a style=\"color: #000000;\" href=\"https:\/\/www.justinegrosset.com\/en\/gastronomy2\/\" target=\"_blank\" rel=\"noopener noreferrer\">second section<\/a> <\/strong>in this article, which place gastronomy in its cultural, societal and artistic context.<\/span><\/em><\/p>\n<h3 style=\"text-align: justify;\">Authenticity \u00e0 la carte<\/h3>\n<p style=\"text-align: justify;\">If the <strong>rare and prestigious dishes<\/strong> are always very popular, <strong>gastronomy<\/strong> and <strong>gourmet cuisine<\/strong> are gradually turning away from <strong>interest in ingredients traditionally<\/strong> We're celebrating the \u00abforgotten vegetables\u00bb that are more popular than ever. Gone are the days of sensual intoxication and ancient bacchanalia, <strong>the time is ripe for a certain sobriety, for a cuisine that is simple but never simplistic<\/strong>.<\/p>\n<p style=\"text-align: justify;\">Reflecting the times, maps are finally evolving and opening up to a whole new world. <strong>greener cooking<\/strong>. From gourmet restaurants to neighbourhood brasseries, the <strong>vegetarian menus<\/strong>, or even <strong>vegans<\/strong>, are now accessible: a decision long unthinkable. A <strong>tasty cuisine<\/strong> and <strong>creative<\/strong> can, however, give a new lease of life to a <strong>product \u00ab<\/strong><strong>\u2009<\/strong><strong>common<\/strong><strong>\u2009<\/strong><strong>\u00bb<\/strong> long relegated to the rank of <strong>trim<\/strong>.<\/p>\n<p style=\"text-align: justify;\"><strong>Alain Passard<\/strong>, a chef with a three-star kitchen<span style=\"color: #000000;\">toiles from <a style=\"color: #000000;\" href=\"https:\/\/www.alain-passard.com\/\">L'Arp\u00e8ge<\/a> the r<\/span>evendique: \u00ab<em>I want to make a grand cru out of vegetables<\/em>\u00bb. When he's not in the kitchen, he's busy at the <strong>vegetable garden<\/strong>. Known for his love of rotisserie cooking,<strong> the chef talks about his \u00ab<em>awakening<\/em>\u00bbrediscovering the richness of vegetables<\/strong>. Although he does not restrict himself to meat or fish, he offers his customers \u00ab<em>a vegetable walk<\/em>\u2009\u00bb.<\/p>\n<p style=\"text-align: justify;\">In Talloires, guests <span style=\"color: #000000;\">the\u2019<a style=\"color: #000000;\" href=\"https:\/\/www.perebise.com\/\">Auberge du P\u00e8re Bise<\/a> <\/span>enjoy a \u00ab\u00a0<em>pure, daring and deeply rooted cuisine\u00a0<\/em>\u00bbbased on <strong>wild mushrooms<\/strong> <strong>and<\/strong> <strong>Lake Annecy fish<\/strong>. <strong>The plates are highlighted by the herbs and flowers picked by chef Jean Sulpice.<\/strong> and his wife among a <strong>garden of nearly 200 species<\/strong>. <strong>Two hours pass between picking and tasting<\/strong>, this commitment to the <strong>freshness<\/strong> takes a closer look at the definition of <strong>short circuit<\/strong>.<\/p>\n<figure id=\"attachment_3203\" aria-describedby=\"caption-attachment-3203\" style=\"width: 760px\" class=\"wp-caption aligncenter\"><img fetchpriority=\"high\" decoding=\"async\" class=\"wp-image-3203 size-full\" src=\"https:\/\/www.justinegrosset.com\/wp-content\/uploads\/2021\/04\/LAuberge-du-Pere-Bise-a-Talloire-et-les-assiettes-gourmandes-locales-de-Jean-Sulpice-\u00a9Thomas-Dhellemmes.jpg\" alt=\"\" width=\"760\" height=\"776\" srcset=\"https:\/\/www.justinegrosset.com\/wp-content\/uploads\/2021\/04\/LAuberge-du-Pere-Bise-a-Talloire-et-les-assiettes-gourmandes-locales-de-Jean-Sulpice-\u00a9Thomas-Dhellemmes.jpg 760w, https:\/\/www.justinegrosset.com\/wp-content\/uploads\/2021\/04\/LAuberge-du-Pere-Bise-a-Talloire-et-les-assiettes-gourmandes-locales-de-Jean-Sulpice-\u00a9Thomas-Dhellemmes-294x300.jpg 294w, https:\/\/www.justinegrosset.com\/wp-content\/uploads\/2021\/04\/LAuberge-du-Pere-Bise-a-Talloire-et-les-assiettes-gourmandes-locales-de-Jean-Sulpice-\u00a9Thomas-Dhellemmes-350x357.jpg 350w\" sizes=\"(max-width: 760px) 100vw, 760px\" \/><figcaption id=\"caption-attachment-3203\" class=\"wp-caption-text\">Jean Sulpice's local gourmet plates \u00a9 L'Auberge du P\u00e8re Bise, photography by Thomas Dhellemmes<\/figcaption><\/figure>\n<p style=\"text-align: justify;\"><strong>Driven by common sense and aware of the ecological emergency<\/strong>, the chefs are numerous <strong>add value to the entire product<\/strong> for a <strong>gourmet and sustainable cooking<\/strong>. Shavings and peelings now find their place in the center of <strong>star plates<\/strong>\u00a0a <strong>zero-waste cooking<\/strong> thanks to a growing awareness of <strong>the impact of agriculture<\/strong> on our <strong>carbon emissions<\/strong>. The brigades are now at attention and composting is becoming an increasingly common practice in back kitchens.<\/p>\n<h3 style=\"text-align: justify;\">A menu in tune with the seasons<\/h3>\n<p style=\"text-align: justify;\">Guided by a <strong>natural tempo<\/strong>, <strong>responsible cuisine enhances a menu that changes with the seasons<\/strong>,Forget tomatoes in winter, make way for celery.<\/p>\n<p style=\"text-align: justify;\"><strong>Chefs, like their producers, observe and draw inspiration from nature, sublimating rather than transforming it.<\/strong>. This <strong>a return to a natural terroir and gastronomy <\/strong>is at the heart of communications for restaurants and companies alike, such as the Maison de <strong>champag<span style=\"color: #000000;\">do<\/span><\/strong><span style=\"color: #000000;\"> <a style=\"color: #000000;\" href=\"https:\/\/www.louis-roederer.com\/fr\">Louis Roederer<\/a> do<\/span>whose advertising slogan is now \u00ab<em>Close to nature<\/em>\u00bbA far cry from the sophisticated evocations of the past.<\/p>\n<p style=\"text-align: justify;\">This <strong>seasonality<\/strong> meets in Les Goudes at the chef's <strong>Christian Qui<\/strong>. Electing him <strong>best table 2021<\/strong>, the guide to<span style=\"color: #000000;\"> <a style=\"color: #000000;\" href=\"https:\/\/lefooding.com\/fr\">Fooding<\/a> makes<\/span> a tribute to the table d'h\u00f4tes of this chef, also a landscape architect, who, far from fashionable culinary concepts <strong>values local fishing and is inspired every morning by the market to compose original dishes based on its finds<\/strong>. <strong>This open-mindedness fuels his creativity while making his guests aware of the need to respect nature.\u00a0<\/strong>An intuitive approach to be adopted without further delay, as the artist duo Renards Gourmet sensibly invites us to do: \u00abContrary to what some people think, the seasons are just as rich in products as each other. Renewal is permanent, you just have to give up the desire to eat the same thing all year round, which means offering yourself many pleasures\u00bb.<\/p>\n<blockquote class=\"wp-embedded-content\" data-secret=\"pXOLzSEBYr\"><p><a href=\"https:\/\/www.justinegrosset.com\/en\/temoignage_renardsgourmets\/\">Interview \u2013 Les images bien l\u00e9ch\u00e9es des Renards Gourmets<\/a><\/p><\/blockquote>\n<p><iframe class=\"wp-embedded-content lazyload\" sandbox=\"allow-scripts\" security=\"restricted\" style=\"position: absolute; clip: rect(1px, 1px, 1px, 1px);\" title=\"\u00ab\u00a0Interview &#8211; Les images bien l\u00e9ch\u00e9es des Renards Gourmets\u00a0\u00bb &#8212;  Justine Grosset - Studio d&#039;\u00c9criture\" data-src=\"https:\/\/www.justinegrosset.com\/temoignage_renardsgourmets\/embed\/#?secret=0bexhmN8Sm#?secret=pXOLzSEBYr\" data-secret=\"pXOLzSEBYr\" width=\"500\" height=\"282\" frameborder=\"0\" marginwidth=\"0\" marginheight=\"0\" scrolling=\"no\" src=\"data:image\/gif;base64,R0lGODlhAQABAAAAACH5BAEKAAEALAAAAAABAAEAAAICTAEAOw==\" data-load-mode=\"1\"><\/iframe><\/p>\n<blockquote><p>\u00abRenewal is permanent, you just have to give up the urge to eat the same thing all year round\u00bb.<\/p><\/blockquote>\n<p style=\"text-align: justify;\">From stable to garden, <strong>the seasons invite breeders, farmers, chefs and hosts to rediscover humility, to accept permanent change and the unpredictability of harvests<\/strong>, accentuated by the <strong>global warming<\/strong>. Now is the time to let yourself be lulled by what <strong>Mauro Colagreco<\/strong>, Argentinian chef and triple <span style=\"color: #000000;\">starred <a style=\"color: #000000;\" href=\"https:\/\/www.mirazur.fr\/\">Mirazur<\/a> n<\/span>as \u00ab<em>the special music of the seasons<\/em>\u00bb. It is true that<strong> the interdependence of mankind and the earth is hard to find a more blatant example than in the area of food.<\/strong>.<\/p>\n<h3 style=\"text-align: justify;\">Promote your terroir to protect your territory<\/h3>\n<p style=\"text-align: justify;\">In the past, the luxury of a well-stocked table could be likened to a long-distance journey with many stops. Refined or rougher, <strong>cuisine now pays tribute to its terroir<\/strong>, an inexhaustible source of inspiration for the chefs of our regions. Some go so far as to mix <strong>farm<\/strong> and <strong>restaurant\u00a0<\/strong>in a <strong>ecological self-sufficiency approach<\/strong>.<\/p>\n<figure id=\"attachment_3204\" aria-describedby=\"caption-attachment-3204\" style=\"width: 686px\" class=\"wp-caption aligncenter\"><img decoding=\"async\" class=\"wp-image-3204 size-large lazyload\" data-src=\"https:\/\/www.justinegrosset.com\/wp-content\/uploads\/2021\/04\/La-nature-a-lhonneur-a-la-Maison-des-bois-de-Marc-Veyrat-\u00a9-Marc-Veyrat-La-Maison-des-Bois-686x1024.jpg\" alt=\"\" width=\"686\" height=\"1024\" data-srcset=\"https:\/\/www.justinegrosset.com\/wp-content\/uploads\/2021\/04\/La-nature-a-lhonneur-a-la-Maison-des-bois-de-Marc-Veyrat-\u00a9-Marc-Veyrat-La-Maison-des-Bois-686x1024.jpg 686w, https:\/\/www.justinegrosset.com\/wp-content\/uploads\/2021\/04\/La-nature-a-lhonneur-a-la-Maison-des-bois-de-Marc-Veyrat-\u00a9-Marc-Veyrat-La-Maison-des-Bois-201x300.jpg 201w, https:\/\/www.justinegrosset.com\/wp-content\/uploads\/2021\/04\/La-nature-a-lhonneur-a-la-Maison-des-bois-de-Marc-Veyrat-\u00a9-Marc-Veyrat-La-Maison-des-Bois-768x1147.jpg 768w, https:\/\/www.justinegrosset.com\/wp-content\/uploads\/2021\/04\/La-nature-a-lhonneur-a-la-Maison-des-bois-de-Marc-Veyrat-\u00a9-Marc-Veyrat-La-Maison-des-Bois-1029x1536.jpg 1029w, https:\/\/www.justinegrosset.com\/wp-content\/uploads\/2021\/04\/La-nature-a-lhonneur-a-la-Maison-des-bois-de-Marc-Veyrat-\u00a9-Marc-Veyrat-La-Maison-des-Bois-1372x2048.jpg 1372w, https:\/\/www.justinegrosset.com\/wp-content\/uploads\/2021\/04\/La-nature-a-lhonneur-a-la-Maison-des-bois-de-Marc-Veyrat-\u00a9-Marc-Veyrat-La-Maison-des-Bois-350x523.jpg 350w, https:\/\/www.justinegrosset.com\/wp-content\/uploads\/2021\/04\/La-nature-a-lhonneur-a-la-Maison-des-bois-de-Marc-Veyrat-\u00a9-Marc-Veyrat-La-Maison-des-Bois.jpg 1428w\" data-sizes=\"(max-width: 686px) 100vw, 686px\" src=\"data:image\/gif;base64,R0lGODlhAQABAAAAACH5BAEKAAEALAAAAAABAAEAAAICTAEAOw==\" style=\"--smush-placeholder-width: 686px; --smush-placeholder-aspect-ratio: 686\/1024;\" \/><noscript><img decoding=\"async\" class=\"wp-image-3204 size-large\" src=\"https:\/\/www.justinegrosset.com\/wp-content\/uploads\/2021\/04\/La-nature-a-lhonneur-a-la-Maison-des-bois-de-Marc-Veyrat-\u00a9-Marc-Veyrat-La-Maison-des-Bois-686x1024.jpg\" alt=\"\" width=\"686\" height=\"1024\" srcset=\"https:\/\/www.justinegrosset.com\/wp-content\/uploads\/2021\/04\/La-nature-a-lhonneur-a-la-Maison-des-bois-de-Marc-Veyrat-\u00a9-Marc-Veyrat-La-Maison-des-Bois-686x1024.jpg 686w, https:\/\/www.justinegrosset.com\/wp-content\/uploads\/2021\/04\/La-nature-a-lhonneur-a-la-Maison-des-bois-de-Marc-Veyrat-\u00a9-Marc-Veyrat-La-Maison-des-Bois-201x300.jpg 201w, https:\/\/www.justinegrosset.com\/wp-content\/uploads\/2021\/04\/La-nature-a-lhonneur-a-la-Maison-des-bois-de-Marc-Veyrat-\u00a9-Marc-Veyrat-La-Maison-des-Bois-768x1147.jpg 768w, https:\/\/www.justinegrosset.com\/wp-content\/uploads\/2021\/04\/La-nature-a-lhonneur-a-la-Maison-des-bois-de-Marc-Veyrat-\u00a9-Marc-Veyrat-La-Maison-des-Bois-1029x1536.jpg 1029w, https:\/\/www.justinegrosset.com\/wp-content\/uploads\/2021\/04\/La-nature-a-lhonneur-a-la-Maison-des-bois-de-Marc-Veyrat-\u00a9-Marc-Veyrat-La-Maison-des-Bois-1372x2048.jpg 1372w, https:\/\/www.justinegrosset.com\/wp-content\/uploads\/2021\/04\/La-nature-a-lhonneur-a-la-Maison-des-bois-de-Marc-Veyrat-\u00a9-Marc-Veyrat-La-Maison-des-Bois-350x523.jpg 350w, https:\/\/www.justinegrosset.com\/wp-content\/uploads\/2021\/04\/La-nature-a-lhonneur-a-la-Maison-des-bois-de-Marc-Veyrat-\u00a9-Marc-Veyrat-La-Maison-des-Bois.jpg 1428w\" sizes=\"(max-width: 686px) 100vw, 686px\" \/><\/noscript><figcaption id=\"caption-attachment-3204\" class=\"wp-caption-text\">Nature takes center stage at Marc Veyrat \u00a9 Marc Veyrat, La Maison des Bois<\/figcaption><\/figure>\n<p style=\"text-align: justify;\">By promoting its terroir, <strong>gastronomy plays a key role in the recognition and economic and tourist development of its region<\/strong>. A chef for whom popularity and commitment go hand in hand, Marc Veyrat prefers to define himself as a <strong>peasant cooking<\/strong>. Visit <strong>gourmets<\/strong> come all the way to Manigod, in the heart of the Aravis mountains, to discover the \u00ab<em>mineral, pastoral and biological<\/em>\u00bbThe chef \u00abliberated\u00bb from his stars, which were returned to the red guide following the loss of his third star.<\/p>\n<p style=\"text-align: justify;\">Other chefs claim a cuisine they call <strong>primitive<\/strong>, but the idea remains the same: <strong>paying tribute to a terroir<\/strong>, <strong>honor the fruits of the earth and the labor of small-scale producers to find pleasure and awaken consciences through the plate<\/strong>. This <strong>promoting a local taste heritage<\/strong> is necessarily accompanied by a <strong>locavore consumption<\/strong> <strong>which in turn favors short circuits and local products.<\/strong><\/p>\n<p style=\"text-align: justify;\"><strong>Changing scale<\/strong> to get back to what's closest to home, a philosophy that the first confinement had exacerbated by putting small producers in the spotlight. What remains of it today, more than a year later?<\/p>\n<p style=\"text-align: justify;\">Put in danger by the health crisis, curfews and lockdowns, chefs have been able to adapt and react. While the palaces had some difficulty bouncing back, the <strong>local restaurants have been able to resist by offering take-away or delivered menus.<\/strong>.<\/p>\n<p style=\"text-align: justify;\"><strong>Alain Passard<\/strong> and his team have composed<span style=\"color: #000000;\">s \u00ab<a style=\"color: #000000;\" href=\"https:\/\/www.alain-passard.com\/\">Alain's baskets<\/a>\u00bbThis is an opportunity to bring home vegetables and herbs from the chef's kitchen gardens. This initiative, reminiscent of <strong>AMAP baskets<\/strong>, is also available in its <strong>marine version <\/strong>thanks to <a style=\"color: #000000;\" href=\"https:\/\/poiscaille.fr\/\">Poiscaille<\/a>, the e<\/span>ntreprise fran\u00e7aise offers \u00ab<em>sea traps<\/em>\u00bbof forgotten species, thanks to a <strong>local, fresh and ethical fishing<\/strong>. The online fish and seafood sales service promotes 120 small-scale French fishermen to over 8,500 subscribers in France. The initiative preserves <strong>jobs<\/strong> and <strong>seabed<\/strong> by offering a<strong> a concrete alternative to intensive fishing, aquaculture and imports<\/strong>. In the Mediterranean, 62% of species are overexploited (<em>2018, FAO<\/em>), while in France, seafood farming and imports meet a growing demand for around 34 kg of seafood per inhabitant per year (<em>Agrimer, 2016<\/em>).<\/p>\n<figure id=\"attachment_3205\" aria-describedby=\"caption-attachment-3205\" style=\"width: 725px\" class=\"wp-caption aligncenter\"><img decoding=\"async\" class=\"wp-image-3205 size-full lazyload\" data-src=\"https:\/\/www.justinegrosset.com\/wp-content\/uploads\/2021\/04\/Alain-Passard-Chef-de-lArpege-dans-lun-de-ses-potagers-de-la-Sarthe-et-de-lEure-\u00a9-Alain-Passard.jpg\" alt=\"\" width=\"725\" height=\"538\" data-srcset=\"https:\/\/www.justinegrosset.com\/wp-content\/uploads\/2021\/04\/Alain-Passard-Chef-de-lArpege-dans-lun-de-ses-potagers-de-la-Sarthe-et-de-lEure-\u00a9-Alain-Passard.jpg 725w, https:\/\/www.justinegrosset.com\/wp-content\/uploads\/2021\/04\/Alain-Passard-Chef-de-lArpege-dans-lun-de-ses-potagers-de-la-Sarthe-et-de-lEure-\u00a9-Alain-Passard-300x223.jpg 300w, https:\/\/www.justinegrosset.com\/wp-content\/uploads\/2021\/04\/Alain-Passard-Chef-de-lArpege-dans-lun-de-ses-potagers-de-la-Sarthe-et-de-lEure-\u00a9-Alain-Passard-350x260.jpg 350w\" data-sizes=\"(max-width: 725px) 100vw, 725px\" src=\"data:image\/gif;base64,R0lGODlhAQABAAAAACH5BAEKAAEALAAAAAABAAEAAAICTAEAOw==\" style=\"--smush-placeholder-width: 725px; --smush-placeholder-aspect-ratio: 725\/538;\" \/><noscript><img decoding=\"async\" class=\"wp-image-3205 size-full\" src=\"https:\/\/www.justinegrosset.com\/wp-content\/uploads\/2021\/04\/Alain-Passard-Chef-de-lArpege-dans-lun-de-ses-potagers-de-la-Sarthe-et-de-lEure-\u00a9-Alain-Passard.jpg\" alt=\"\" width=\"725\" height=\"538\" srcset=\"https:\/\/www.justinegrosset.com\/wp-content\/uploads\/2021\/04\/Alain-Passard-Chef-de-lArpege-dans-lun-de-ses-potagers-de-la-Sarthe-et-de-lEure-\u00a9-Alain-Passard.jpg 725w, https:\/\/www.justinegrosset.com\/wp-content\/uploads\/2021\/04\/Alain-Passard-Chef-de-lArpege-dans-lun-de-ses-potagers-de-la-Sarthe-et-de-lEure-\u00a9-Alain-Passard-300x223.jpg 300w, https:\/\/www.justinegrosset.com\/wp-content\/uploads\/2021\/04\/Alain-Passard-Chef-de-lArpege-dans-lun-de-ses-potagers-de-la-Sarthe-et-de-lEure-\u00a9-Alain-Passard-350x260.jpg 350w\" sizes=\"(max-width: 725px) 100vw, 725px\" \/><\/noscript><figcaption id=\"caption-attachment-3205\" class=\"wp-caption-text\">Alain Passard in one of his 2 kitchen gardens \u00a9 L'Arp\u00e8ge, Alain Passard<\/figcaption><\/figure>\n<p>&nbsp;<\/p>\n<p style=\"text-align: justify;\">In essence <strong>a meal can be part of a sustainable approach without compromising gourmet pleasure.<\/strong>. The <strong>ecological transition<\/strong> is now pushing open the doors of increasingly transparent kitchens. More human, gastronomy is evolving thanks to bold initiatives.<span style=\"color: #000000;\">es to discover in the<strong> <a style=\"color: #000000;\" href=\"https:\/\/www.justinegrosset.com\/en\/gastronomie_4\/\" target=\"_blank\" rel=\"noopener noreferrer\">final chapter<\/a> <\/strong>of this editorial tasting.<\/span><\/p>","protected":false},"excerpt":{"rendered":"<p>Rooted and Committed Gastronomy Cooking in resonance with the tempo of nature As a prelude to this reading, I suggest you discover the first and second parts of this article, which place gastronomy in its cultural, societal and artistic context. Authenticity on the menu If ...<\/p>\n<p class=\"read-more\"> <a class=\"\" href=\"https:\/\/www.justinegrosset.com\/en\/gastronomy3\/\"> <span class=\"screen-reader-text\">Une Gastronomie Enracin\u00e9e et Engag\u00e9e \u2013 Cuisiner en R\u00e9sonance avec le Tempo de la Nature<\/span> Read More &raquo;<\/a><\/p>","protected":false},"author":1,"featured_media":3284,"comment_status":"closed","ping_status":"closed","sticky":false,"template":"","format":"standard","meta":{"_uag_custom_page_level_css":"","footnotes":""},"categories":[12],"tags":[14,21,18,6,13],"aioseo_notices":[],"yoast_head":"<!-- This site is optimized with the Yoast SEO plugin v24.5 - https:\/\/yoast.com\/wordpress\/plugins\/seo\/ -->\n<title>Chefs engag\u00e9s et produits de saison ingr\u00e9dients de la gastronomie durable<\/title>\n<meta name=\"description\" content=\"Enracin\u00e9s dans un terroir, c\u00e9l\u00e9brant produits de saisons locaux et petits producteurs, chefs engag\u00e9s et gastronomie renouent avec la nature.\" \/>\n<meta name=\"robots\" content=\"index, follow, max-snippet:-1, max-image-preview:large, max-video-preview:-1\" \/>\n<link rel=\"canonical\" href=\"https:\/\/www.justinegrosset.com\/en\/gastronomy3\/\" \/>\n<meta property=\"og:locale\" content=\"en_US\" \/>\n<meta property=\"og:type\" content=\"article\" \/>\n<meta property=\"og:title\" content=\"Chefs engag\u00e9s et produits de saison ingr\u00e9dients de la gastronomie durable\" \/>\n<meta property=\"og:description\" content=\"Enracin\u00e9s dans un terroir, c\u00e9l\u00e9brant produits de saisons locaux et petits producteurs, chefs engag\u00e9s et gastronomie renouent avec la nature.\" \/>\n<meta property=\"og:url\" content=\"https:\/\/www.justinegrosset.com\/en\/gastronomy3\/\" \/>\n<meta property=\"og:site_name\" content=\"Justine Grosset\" \/>\n<meta property=\"article:published_time\" content=\"2021-04-09T10:07:08+00:00\" \/>\n<meta property=\"article:modified_time\" content=\"2025-03-11T13:23:42+00:00\" \/>\n<meta property=\"og:image\" content=\"https:\/\/www.justinegrosset.com\/wp-content\/uploads\/2021\/04\/Cover-3.png\" \/>\n\t<meta property=\"og:image:width\" content=\"1152\" \/>\n\t<meta property=\"og:image:height\" content=\"700\" \/>\n\t<meta property=\"og:image:type\" content=\"image\/png\" \/>\n<meta name=\"author\" content=\"Justine Grosset\" \/>\n<meta name=\"twitter:card\" content=\"summary_large_image\" \/>\n<meta name=\"twitter:label1\" content=\"Written by\" \/>\n\t<meta name=\"twitter:data1\" content=\"Justine Grosset\" \/>\n\t<meta name=\"twitter:label2\" content=\"Est. reading time\" \/>\n\t<meta name=\"twitter:data2\" content=\"8 minutes\" \/>\n<script type=\"application\/ld+json\" class=\"yoast-schema-graph\">{\"@context\":\"https:\/\/schema.org\",\"@graph\":[{\"@type\":\"Article\",\"@id\":\"https:\/\/www.justinegrosset.com\/gastronomie3\/#article\",\"isPartOf\":{\"@id\":\"https:\/\/www.justinegrosset.com\/gastronomie3\/\"},\"author\":{\"name\":\"Justine Grosset\",\"@id\":\"https:\/\/www.justinegrosset.com\/#\/schema\/person\/cdf3abe93f51078760da5801068e687b\"},\"headline\":\"Une Gastronomie Enracin\u00e9e et Engag\u00e9e &#8211; Cuisiner en R\u00e9sonance avec le Tempo de la Nature\",\"datePublished\":\"2021-04-09T10:07:08+00:00\",\"dateModified\":\"2025-03-11T13:23:42+00:00\",\"mainEntityOfPage\":{\"@id\":\"https:\/\/www.justinegrosset.com\/gastronomie3\/\"},\"wordCount\":1437,\"publisher\":{\"@id\":\"https:\/\/www.justinegrosset.com\/#organization\"},\"image\":{\"@id\":\"https:\/\/www.justinegrosset.com\/gastronomie3\/#primaryimage\"},\"thumbnailUrl\":\"https:\/\/www.justinegrosset.com\/wp-content\/uploads\/2021\/04\/Cover-3.png\",\"keywords\":[\"Article\",\"Environnement\",\"Gastronomie\",\"inspiration\",\"Luxe\"],\"articleSection\":[\"Article\"],\"inLanguage\":\"en-US\"},{\"@type\":\"WebPage\",\"@id\":\"https:\/\/www.justinegrosset.com\/gastronomie3\/\",\"url\":\"https:\/\/www.justinegrosset.com\/gastronomie3\/\",\"name\":\"Chefs engag\u00e9s et produits de saison ingr\u00e9dients de la gastronomie durable\",\"isPartOf\":{\"@id\":\"https:\/\/www.justinegrosset.com\/#website\"},\"primaryImageOfPage\":{\"@id\":\"https:\/\/www.justinegrosset.com\/gastronomie3\/#primaryimage\"},\"image\":{\"@id\":\"https:\/\/www.justinegrosset.com\/gastronomie3\/#primaryimage\"},\"thumbnailUrl\":\"https:\/\/www.justinegrosset.com\/wp-content\/uploads\/2021\/04\/Cover-3.png\",\"datePublished\":\"2021-04-09T10:07:08+00:00\",\"dateModified\":\"2025-03-11T13:23:42+00:00\",\"description\":\"Enracin\u00e9s dans un terroir, c\u00e9l\u00e9brant produits de saisons locaux et petits producteurs, chefs engag\u00e9s et gastronomie renouent avec la nature.\",\"breadcrumb\":{\"@id\":\"https:\/\/www.justinegrosset.com\/gastronomie3\/#breadcrumb\"},\"inLanguage\":\"en-US\",\"potentialAction\":[{\"@type\":\"ReadAction\",\"target\":[\"https:\/\/www.justinegrosset.com\/gastronomie3\/\"]}]},{\"@type\":\"ImageObject\",\"inLanguage\":\"en-US\",\"@id\":\"https:\/\/www.justinegrosset.com\/gastronomie3\/#primaryimage\",\"url\":\"https:\/\/www.justinegrosset.com\/wp-content\/uploads\/2021\/04\/Cover-3.png\",\"contentUrl\":\"https:\/\/www.justinegrosset.com\/wp-content\/uploads\/2021\/04\/Cover-3.png\",\"width\":1152,\"height\":700,\"caption\":\"Cuisiner en r\u00e9sonance avec le tempo de la nature\"},{\"@type\":\"BreadcrumbList\",\"@id\":\"https:\/\/www.justinegrosset.com\/gastronomie3\/#breadcrumb\",\"itemListElement\":[{\"@type\":\"ListItem\",\"position\":1,\"name\":\"Accueil\",\"item\":\"https:\/\/www.justinegrosset.com\/\"},{\"@type\":\"ListItem\",\"position\":2,\"name\":\"Une Gastronomie Enracin\u00e9e et Engag\u00e9e &#8211; Cuisiner en R\u00e9sonance avec le Tempo de la Nature\"}]},{\"@type\":\"WebSite\",\"@id\":\"https:\/\/www.justinegrosset.com\/#website\",\"url\":\"https:\/\/www.justinegrosset.com\/\",\"name\":\"justinegrosset\",\"description\":\"Consultante Strat\u00e9gie de Marque Luxe &amp; Art de Vivre\",\"publisher\":{\"@id\":\"https:\/\/www.justinegrosset.com\/#organization\"},\"potentialAction\":[{\"@type\":\"SearchAction\",\"target\":{\"@type\":\"EntryPoint\",\"urlTemplate\":\"https:\/\/www.justinegrosset.com\/?s={search_term_string}\"},\"query-input\":{\"@type\":\"PropertyValueSpecification\",\"valueRequired\":true,\"valueName\":\"search_term_string\"}}],\"inLanguage\":\"en-US\"},{\"@type\":\"Organization\",\"@id\":\"https:\/\/www.justinegrosset.com\/#organization\",\"name\":\"Justine Grosset - Studio d'\u00c9criture & Conseil en Identit\u00e9 de Marque\",\"url\":\"https:\/\/www.justinegrosset.com\/\",\"logo\":{\"@type\":\"ImageObject\",\"inLanguage\":\"en-US\",\"@id\":\"https:\/\/www.justinegrosset.com\/#\/schema\/logo\/image\/\",\"url\":\"https:\/\/www.justinegrosset.com\/wp-content\/uploads\/2025\/09\/Justine-Grosset_Brandmark-02_Brandmark-2-Dark.jpg\",\"contentUrl\":\"https:\/\/www.justinegrosset.com\/wp-content\/uploads\/2025\/09\/Justine-Grosset_Brandmark-02_Brandmark-2-Dark.jpg\",\"width\":1801,\"height\":1801,\"caption\":\"Justine Grosset - Studio d'\u00c9criture & Conseil en Identit\u00e9 de Marque\"},\"image\":{\"@id\":\"https:\/\/www.justinegrosset.com\/#\/schema\/logo\/image\/\"},\"sameAs\":[\"https:\/\/fr.pinterest.com\/Justinegrosset_studio\/\",\"https:\/\/www.instagram.com\/justinegrosset.studio\/\"]},{\"@type\":\"Person\",\"@id\":\"https:\/\/www.justinegrosset.com\/#\/schema\/person\/cdf3abe93f51078760da5801068e687b\",\"name\":\"Justine Grosset\",\"image\":{\"@type\":\"ImageObject\",\"inLanguage\":\"en-US\",\"@id\":\"https:\/\/www.justinegrosset.com\/#\/schema\/person\/image\/\",\"url\":\"https:\/\/secure.gravatar.com\/avatar\/52ad408b6c7504d26e89f0c89dad9dbc?s=96&d=mm&r=g\",\"contentUrl\":\"https:\/\/secure.gravatar.com\/avatar\/52ad408b6c7504d26e89f0c89dad9dbc?s=96&d=mm&r=g\",\"caption\":\"Justine Grosset\"},\"sameAs\":[\"http:\/\/www.justinegrosset.com\"],\"url\":\"https:\/\/www.justinegrosset.com\/en\/author\/jgrosset\/\"}]}<\/script>\n<!-- \/ Yoast SEO plugin. -->","yoast_head_json":{"title":"Committed chefs and seasonal produce: the ingredients of sustainable gastronomy","description":"Rooted in the land, celebrating local seasonal produce and small-scale producers, committed chefs and gastronomy reconnect with nature.","robots":{"index":"index","follow":"follow","max-snippet":"max-snippet:-1","max-image-preview":"max-image-preview:large","max-video-preview":"max-video-preview:-1"},"canonical":"https:\/\/www.justinegrosset.com\/en\/gastronomy3\/","og_locale":"en_US","og_type":"article","og_title":"Chefs engag\u00e9s et produits de saison ingr\u00e9dients de la gastronomie durable","og_description":"Enracin\u00e9s dans un terroir, c\u00e9l\u00e9brant produits de saisons locaux et petits producteurs, chefs engag\u00e9s et gastronomie renouent avec la nature.","og_url":"https:\/\/www.justinegrosset.com\/en\/gastronomy3\/","og_site_name":"Justine Grosset","article_published_time":"2021-04-09T10:07:08+00:00","article_modified_time":"2025-03-11T13:23:42+00:00","og_image":[{"width":1152,"height":700,"url":"https:\/\/www.justinegrosset.com\/wp-content\/uploads\/2021\/04\/Cover-3.png","type":"image\/png"}],"author":"Justine Grosset","twitter_card":"summary_large_image","twitter_misc":{"Written by":"Justine Grosset","Est. reading time":"8 minutes"},"schema":{"@context":"https:\/\/schema.org","@graph":[{"@type":"Article","@id":"https:\/\/www.justinegrosset.com\/gastronomie3\/#article","isPartOf":{"@id":"https:\/\/www.justinegrosset.com\/gastronomie3\/"},"author":{"name":"Justine Grosset","@id":"https:\/\/www.justinegrosset.com\/#\/schema\/person\/cdf3abe93f51078760da5801068e687b"},"headline":"Une Gastronomie Enracin\u00e9e et Engag\u00e9e &#8211; Cuisiner en R\u00e9sonance avec le Tempo de la Nature","datePublished":"2021-04-09T10:07:08+00:00","dateModified":"2025-03-11T13:23:42+00:00","mainEntityOfPage":{"@id":"https:\/\/www.justinegrosset.com\/gastronomie3\/"},"wordCount":1437,"publisher":{"@id":"https:\/\/www.justinegrosset.com\/#organization"},"image":{"@id":"https:\/\/www.justinegrosset.com\/gastronomie3\/#primaryimage"},"thumbnailUrl":"https:\/\/www.justinegrosset.com\/wp-content\/uploads\/2021\/04\/Cover-3.png","keywords":["Article","Environnement","Gastronomie","inspiration","Luxe"],"articleSection":["Article"],"inLanguage":"en-US"},{"@type":"WebPage","@id":"https:\/\/www.justinegrosset.com\/gastronomie3\/","url":"https:\/\/www.justinegrosset.com\/gastronomie3\/","name":"Committed chefs and seasonal produce: the ingredients of sustainable gastronomy","isPartOf":{"@id":"https:\/\/www.justinegrosset.com\/#website"},"primaryImageOfPage":{"@id":"https:\/\/www.justinegrosset.com\/gastronomie3\/#primaryimage"},"image":{"@id":"https:\/\/www.justinegrosset.com\/gastronomie3\/#primaryimage"},"thumbnailUrl":"https:\/\/www.justinegrosset.com\/wp-content\/uploads\/2021\/04\/Cover-3.png","datePublished":"2021-04-09T10:07:08+00:00","dateModified":"2025-03-11T13:23:42+00:00","description":"Rooted in the land, celebrating local seasonal produce and small-scale producers, committed chefs and gastronomy reconnect with nature.","breadcrumb":{"@id":"https:\/\/www.justinegrosset.com\/gastronomie3\/#breadcrumb"},"inLanguage":"en-US","potentialAction":[{"@type":"ReadAction","target":["https:\/\/www.justinegrosset.com\/gastronomie3\/"]}]},{"@type":"ImageObject","inLanguage":"en-US","@id":"https:\/\/www.justinegrosset.com\/gastronomie3\/#primaryimage","url":"https:\/\/www.justinegrosset.com\/wp-content\/uploads\/2021\/04\/Cover-3.png","contentUrl":"https:\/\/www.justinegrosset.com\/wp-content\/uploads\/2021\/04\/Cover-3.png","width":1152,"height":700,"caption":"Cuisiner en r\u00e9sonance avec le tempo de la nature"},{"@type":"BreadcrumbList","@id":"https:\/\/www.justinegrosset.com\/gastronomie3\/#breadcrumb","itemListElement":[{"@type":"ListItem","position":1,"name":"Accueil","item":"https:\/\/www.justinegrosset.com\/"},{"@type":"ListItem","position":2,"name":"Une Gastronomie Enracin\u00e9e et Engag\u00e9e &#8211; Cuisiner en R\u00e9sonance avec le Tempo de la Nature"}]},{"@type":"WebSite","@id":"https:\/\/www.justinegrosset.com\/#website","url":"https:\/\/www.justinegrosset.com\/","name":"justinegrosset","description":"Consultante Strat\u00e9gie de Marque Luxe &amp; Art de Vivre","publisher":{"@id":"https:\/\/www.justinegrosset.com\/#organization"},"potentialAction":[{"@type":"SearchAction","target":{"@type":"EntryPoint","urlTemplate":"https:\/\/www.justinegrosset.com\/?s={search_term_string}"},"query-input":{"@type":"PropertyValueSpecification","valueRequired":true,"valueName":"search_term_string"}}],"inLanguage":"en-US"},{"@type":"Organization","@id":"https:\/\/www.justinegrosset.com\/#organization","name":"Justine Grosset - Writing Studio &amp; Brand Identity Consultant","url":"https:\/\/www.justinegrosset.com\/","logo":{"@type":"ImageObject","inLanguage":"en-US","@id":"https:\/\/www.justinegrosset.com\/#\/schema\/logo\/image\/","url":"https:\/\/www.justinegrosset.com\/wp-content\/uploads\/2025\/09\/Justine-Grosset_Brandmark-02_Brandmark-2-Dark.jpg","contentUrl":"https:\/\/www.justinegrosset.com\/wp-content\/uploads\/2025\/09\/Justine-Grosset_Brandmark-02_Brandmark-2-Dark.jpg","width":1801,"height":1801,"caption":"Justine Grosset - Studio d'\u00c9criture & Conseil en Identit\u00e9 de Marque"},"image":{"@id":"https:\/\/www.justinegrosset.com\/#\/schema\/logo\/image\/"},"sameAs":["https:\/\/fr.pinterest.com\/Justinegrosset_studio\/","https:\/\/www.instagram.com\/justinegrosset.studio\/"]},{"@type":"Person","@id":"https:\/\/www.justinegrosset.com\/#\/schema\/person\/cdf3abe93f51078760da5801068e687b","name":"Justine Grosset","image":{"@type":"ImageObject","inLanguage":"en-US","@id":"https:\/\/www.justinegrosset.com\/#\/schema\/person\/image\/","url":"https:\/\/secure.gravatar.com\/avatar\/52ad408b6c7504d26e89f0c89dad9dbc?s=96&d=mm&r=g","contentUrl":"https:\/\/secure.gravatar.com\/avatar\/52ad408b6c7504d26e89f0c89dad9dbc?s=96&d=mm&r=g","caption":"Justine Grosset"},"sameAs":["http:\/\/www.justinegrosset.com"],"url":"https:\/\/www.justinegrosset.com\/en\/author\/jgrosset\/"}]}},"uagb_featured_image_src":{"full":["https:\/\/www.justinegrosset.com\/wp-content\/uploads\/2021\/04\/Cover-3.png",1152,700,false],"thumbnail":["https:\/\/www.justinegrosset.com\/wp-content\/uploads\/2021\/04\/Cover-3-150x150.png",150,150,true],"medium":["https:\/\/www.justinegrosset.com\/wp-content\/uploads\/2021\/04\/Cover-3-300x182.png",300,182,true],"medium_large":["https:\/\/www.justinegrosset.com\/wp-content\/uploads\/2021\/04\/Cover-3-768x467.png",768,467,true],"large":["https:\/\/www.justinegrosset.com\/wp-content\/uploads\/2021\/04\/Cover-3-1024x622.png",1024,622,true],"1536x1536":["https:\/\/www.justinegrosset.com\/wp-content\/uploads\/2021\/04\/Cover-3.png",1152,700,false],"2048x2048":["https:\/\/www.justinegrosset.com\/wp-content\/uploads\/2021\/04\/Cover-3.png",1152,700,false],"trp-custom-language-flag":["https:\/\/www.justinegrosset.com\/wp-content\/uploads\/2021\/04\/Cover-3.png",18,12,false],"widget-thumbnail":["https:\/\/www.justinegrosset.com\/wp-content\/uploads\/2021\/04\/Cover-3.png",75,46,false],"blog-list-post-size":["https:\/\/www.justinegrosset.com\/wp-content\/uploads\/2021\/04\/Cover-3-350x213.png",350,213,true]},"uagb_author_info":{"display_name":"Justine Grosset","author_link":"https:\/\/www.justinegrosset.com\/en\/author\/jgrosset\/"},"uagb_comment_info":0,"uagb_excerpt":"Une Gastronomie Enracin\u00e9e et Engag\u00e9e Cuisiner en r\u00e9sonance avec le tempo de la nature &nbsp; En guise de mise en bouche pr\u00e9alable \u00e0 cette lecture, je vous propose de d\u00e9couvrir le premier et le second volet de\u00a0cet article qui replacent la gastronomie dans son contexte culturel, soci\u00e9tal et artistique. L\u2019authenticit\u00e9 \u00e0 la carte Si les&hellip;","_links":{"self":[{"href":"https:\/\/www.justinegrosset.com\/en\/wp-json\/wp\/v2\/posts\/3202"}],"collection":[{"href":"https:\/\/www.justinegrosset.com\/en\/wp-json\/wp\/v2\/posts"}],"about":[{"href":"https:\/\/www.justinegrosset.com\/en\/wp-json\/wp\/v2\/types\/post"}],"author":[{"embeddable":true,"href":"https:\/\/www.justinegrosset.com\/en\/wp-json\/wp\/v2\/users\/1"}],"replies":[{"embeddable":true,"href":"https:\/\/www.justinegrosset.com\/en\/wp-json\/wp\/v2\/comments?post=3202"}],"version-history":[{"count":25,"href":"https:\/\/www.justinegrosset.com\/en\/wp-json\/wp\/v2\/posts\/3202\/revisions"}],"predecessor-version":[{"id":11048,"href":"https:\/\/www.justinegrosset.com\/en\/wp-json\/wp\/v2\/posts\/3202\/revisions\/11048"}],"wp:featuredmedia":[{"embeddable":true,"href":"https:\/\/www.justinegrosset.com\/en\/wp-json\/wp\/v2\/media\/3284"}],"wp:attachment":[{"href":"https:\/\/www.justinegrosset.com\/en\/wp-json\/wp\/v2\/media?parent=3202"}],"wp:term":[{"taxonomy":"category","embeddable":true,"href":"https:\/\/www.justinegrosset.com\/en\/wp-json\/wp\/v2\/categories?post=3202"},{"taxonomy":"post_tag","embeddable":true,"href":"https:\/\/www.justinegrosset.com\/en\/wp-json\/wp\/v2\/tags?post=3202"}],"curies":[{"name":"wp","href":"https:\/\/api.w.org\/{rel}","templated":true}]}}